{"id":229,"date":"2019-02-28T15:19:42","date_gmt":"2019-02-28T14:19:42","guid":{"rendered":"https:\/\/www.bca-concept.com\/?p=229"},"modified":"2019-02-28T15:25:26","modified_gmt":"2019-02-28T14:25:26","slug":"bca-concept-participe-a-la-foire-de-tarbes-2018","status":"publish","type":"post","link":"https:\/\/www.bca-concept.fr\/index.php\/2019\/02\/28\/bca-concept-participe-a-la-foire-de-tarbes-2018\/","title":{"rendered":"BCA CONCEPT participe \u00e0 la Foire de Tarbes 2018"},"content":{"rendered":"<p>La 80e Foire de Tarbes est le rendez-vous des bonnes affaires et de la convivialit\u00e9 au parc des expositions !<br \/>\nNotre \u00e9quipe a \u00e9t\u00e9 pr\u00e9sente afin de vous montrer nos diff\u00e9rentes collections de cuisines\u00a0(provenant de la marque\u00a0ARREX), nos salles de bains, nos dressings et les diff\u00e9rents agencements que nous sommes capables de r\u00e9aliser.<\/p>\n<p>L\u2019objectif \u00e9t\u00e9 d\u2019avoir un premier contact avec vous et de pr\u00e9senter\u00a0BCA\u00a0CONCEPT.<\/p>\n<p>Cette exp\u00e9rience a \u00e9t\u00e9 satisfaisante, car elle nous a donn\u00e9 la possibilit\u00e9 de faire connaissance avec nos futurs clients, d\u2019avoir une premi\u00e8re approche pour ensuite satisfaire vos divers besoins et quelques-uns de vos projets.<\/p>\n<p><img loading=\"lazy\" decoding=\"async\" class=\"size-medium wp-image-232 alignleft\" src=\"https:\/\/www.bca-concept.fr\/wp-content\/uploads\/2019\/02\/foire-tarbes-2018-300x225.jpg\" alt=\"\" width=\"300\" height=\"225\" srcset=\"https:\/\/www.bca-concept.fr\/wp-content\/uploads\/2019\/02\/foire-tarbes-2018.jpg 300w, https:\/\/www.bca-concept.fr\/wp-content\/uploads\/2019\/02\/foire-tarbes-2018-195x146.jpg 195w, https:\/\/www.bca-concept.fr\/wp-content\/uploads\/2019\/02\/foire-tarbes-2018-50x38.jpg 50w, https:\/\/www.bca-concept.fr\/wp-content\/uploads\/2019\/02\/foire-tarbes-2018-100x75.jpg 100w\" sizes=\"auto, (max-width: 300px) 100vw, 300px\" \/><\/p>\n","protected":false},"excerpt":{"rendered":"<p>La 80e Foire de Tarbes est le rendez-vous des bonnes affaires et de la convivialit\u00e9 au parc des expositions ! Notre \u00e9quipe a \u00e9t\u00e9 pr\u00e9sente afin<span class=\"excerpt-hellip\"> [\u2026]<\/span><\/p>\n","protected":false},"author":1,"featured_media":233,"comment_status":"open","ping_status":"open","sticky":false,"template":"","format":"standard","meta":{"footnotes":""},"categories":[7],"tags":[],"class_list":["post-229","post","type-post","status-publish","format-standard","has-post-thumbnail","hentry","category-salon"],"_links":{"self":[{"href":"https:\/\/www.bca-concept.fr\/index.php\/wp-json\/wp\/v2\/posts\/229","targetHints":{"allow":["GET"]}}],"collection":[{"href":"https:\/\/www.bca-concept.fr\/index.php\/wp-json\/wp\/v2\/posts"}],"about":[{"href":"https:\/\/www.bca-concept.fr\/index.php\/wp-json\/wp\/v2\/types\/post"}],"author":[{"embeddable":true,"href":"https:\/\/www.bca-concept.fr\/index.php\/wp-json\/wp\/v2\/users\/1"}],"replies":[{"embeddable":true,"href":"https:\/\/www.bca-concept.fr\/index.php\/wp-json\/wp\/v2\/comments?post=229"}],"version-history":[{"count":3,"href":"https:\/\/www.bca-concept.fr\/index.php\/wp-json\/wp\/v2\/posts\/229\/revisions"}],"predecessor-version":[{"id":236,"href":"https:\/\/www.bca-concept.fr\/index.php\/wp-json\/wp\/v2\/posts\/229\/revisions\/236"}],"wp:featuredmedia":[{"embeddable":true,"href":"https:\/\/www.bca-concept.fr\/index.php\/wp-json\/wp\/v2\/media\/233"}],"wp:attachment":[{"href":"https:\/\/www.bca-concept.fr\/index.php\/wp-json\/wp\/v2\/media?parent=229"}],"wp:term":[{"taxonomy":"category","embeddable":true,"href":"https:\/\/www.bca-concept.fr\/index.php\/wp-json\/wp\/v2\/categories?post=229"},{"taxonomy":"post_tag","embeddable":true,"href":"https:\/\/www.bca-concept.fr\/index.php\/wp-json\/wp\/v2\/tags?post=229"}],"curies":[{"name":"wp","href":"https:\/\/api.w.org\/{rel}","templated":true}]}}