{"id":238,"date":"2019-02-28T15:31:56","date_gmt":"2019-02-28T14:31:56","guid":{"rendered":"https:\/\/www.bca-concept.com\/?p=238"},"modified":"2019-02-28T15:33:22","modified_gmt":"2019-02-28T14:33:22","slug":"bca-concept-participe-au-salon-de-lhabitat-2018","status":"publish","type":"post","link":"https:\/\/www.bca-concept.fr\/index.php\/2019\/02\/28\/bca-concept-participe-au-salon-de-lhabitat-2018\/","title":{"rendered":"BCA CONCEPT participe au Salon de l\u2019habitat 2018"},"content":{"rendered":"<p>Le Salon de la maison de Tarbes propose tout ce qui touche \u00e0 l\u2019habitat, \u00e0 l\u2019immobilier, \u00e0 la d\u00e9co, sans oublier les \u00e9conomies d\u2019\u00e9nergie et l\u2019\u00e9cologie.<\/p>\n<p>C\u2019\u00e9tait l\u2019occasion aux visiteurs de nous rencontrer, de discuter avec nous sur nos diff\u00e9rents produits en ce qui concerne l\u2019am\u00e9nagement int\u00e9rieur.\u00a0C\u2019\u00e9tait l\u2019opportunit\u00e9 pour vous de comparer les meilleures offres et produits, afin que vous puissiez d\u00e9nicher les bonnes affaires.<\/p>\n<p>Nous \u00e9tions accompagn\u00e9s de notre cuisine \u00ab\u00a0California\u00a0\u00bb et une offre all\u00e9chante, mais aussi de nos deux tables (une en bois, une en verre noir) avec un prix qui a \u00e9t\u00e9 diminu\u00e9 seulement pour vous\u00a0!\u00a0Cet \u00e9v\u00e8nement nous a permis de rencontrer deux architectes nomm\u00e9es\u00a0Karine et Gaelle de la Maison France 5, mais aussi les diff\u00e9rents constructeurs pour un \u00e9ventuel partenariat.<\/p>\n<p>Il faut noter, parmi l\u2019\u00e9quipe, Maxime a \u00e9t\u00e9 enchant\u00e9 d\u2019\u00e9couter vos diff\u00e9rents projets et d\u2019avoir pu en r\u00e9aliser et donc de donner vie \u00e0 vos envies !<\/p>\n\n\t\t\t<style type='text\/css'>\n\t\t\t\t#sc_gallery-7964 {\n\t\t\t\t\tmargin: auto;\n\t\t\t\t}\n\t\t\t\t#sc_gallery-7964 .gallery-item {\n\t\t\t\t\tfloat: left;\n\t\t\t\t\tmargin-top: 10px;\n\t\t\t\t\ttext-align: center;\n\t\t\t\t\twidth: 33.33%;\n\t\t\t\t}\n\t\t\t\t#sc_gallery-7964 img {\n\t\t\t\t\tborder: 2px solid #cfcfcf;\n\t\t\t\t}\n\t\t\t\t#sc_gallery-7964 .gallery-caption {\n\t\t\t\t\tmargin-left: 0;\n\t\t\t\t}\n\t\t\t\t\/* see sc_gallery() in functions\/theme-shortcodes.php *\/\n\t\t\t<\/style>\n\t\t<div id='sc_gallery-7964' class='gallery galleryid-238 gallery-columns-3 gallery-size-medium file'><dl class='gallery-item'>\n\t\t\t\t<dt class='gallery-icon landscape'>\n\t\t\t\t\t<a href='https:\/\/www.bca-concept.fr\/wp-content\/uploads\/2019\/02\/DSC_0442-2.jpg'><img loading=\"lazy\" decoding=\"async\" width=\"300\" height=\"169\" src=\"https:\/\/www.bca-concept.fr\/wp-content\/uploads\/2019\/02\/DSC_0442-2-300x169.jpg\" class=\"attachment-medium size-medium\" alt=\"\" srcset=\"https:\/\/www.bca-concept.fr\/wp-content\/uploads\/2019\/02\/DSC_0442-2-300x169.jpg 300w, https:\/\/www.bca-concept.fr\/wp-content\/uploads\/2019\/02\/DSC_0442-2-768x432.jpg 768w, https:\/\/www.bca-concept.fr\/wp-content\/uploads\/2019\/02\/DSC_0442-2-1024x576.jpg 1024w, https:\/\/www.bca-concept.fr\/wp-content\/uploads\/2019\/02\/DSC_0442-2-260x146.jpg 260w, https:\/\/www.bca-concept.fr\/wp-content\/uploads\/2019\/02\/DSC_0442-2-50x28.jpg 50w, https:\/\/www.bca-concept.fr\/wp-content\/uploads\/2019\/02\/DSC_0442-2-133x75.jpg 133w, https:\/\/www.bca-concept.fr\/wp-content\/uploads\/2019\/02\/DSC_0442-2.jpg 1500w\" sizes=\"auto, (max-width: 300px) 100vw, 300px\" \/><\/a>\n\t\t\t\t<\/dt><\/dl><dl class='gallery-item'>\n\t\t\t\t<dt class='gallery-icon landscape'>\n\t\t\t\t\t<a href='https:\/\/www.bca-concept.fr\/wp-content\/uploads\/2019\/02\/DSC_0444-1.jpg'><img loading=\"lazy\" decoding=\"async\" width=\"300\" height=\"169\" src=\"https:\/\/www.bca-concept.fr\/wp-content\/uploads\/2019\/02\/DSC_0444-1-300x169.jpg\" class=\"attachment-medium size-medium\" alt=\"\" srcset=\"https:\/\/www.bca-concept.fr\/wp-content\/uploads\/2019\/02\/DSC_0444-1-300x169.jpg 300w, https:\/\/www.bca-concept.fr\/wp-content\/uploads\/2019\/02\/DSC_0444-1-768x432.jpg 768w, https:\/\/www.bca-concept.fr\/wp-content\/uploads\/2019\/02\/DSC_0444-1-1024x576.jpg 1024w, https:\/\/www.bca-concept.fr\/wp-content\/uploads\/2019\/02\/DSC_0444-1-260x146.jpg 260w, https:\/\/www.bca-concept.fr\/wp-content\/uploads\/2019\/02\/DSC_0444-1-50x28.jpg 50w, https:\/\/www.bca-concept.fr\/wp-content\/uploads\/2019\/02\/DSC_0444-1-133x75.jpg 133w, https:\/\/www.bca-concept.fr\/wp-content\/uploads\/2019\/02\/DSC_0444-1.jpg 1500w\" sizes=\"auto, (max-width: 300px) 100vw, 300px\" \/><\/a>\n\t\t\t\t<\/dt><\/dl><dl class='gallery-item'>\n\t\t\t\t<dt class='gallery-icon landscape'>\n\t\t\t\t\t<a href='https:\/\/www.bca-concept.fr\/wp-content\/uploads\/2019\/02\/IMG_48661-1.jpg'><img loading=\"lazy\" decoding=\"async\" width=\"300\" height=\"225\" src=\"https:\/\/www.bca-concept.fr\/wp-content\/uploads\/2019\/02\/IMG_48661-1-300x225.jpg\" class=\"attachment-medium size-medium\" alt=\"\" srcset=\"https:\/\/www.bca-concept.fr\/wp-content\/uploads\/2019\/02\/IMG_48661-1-300x225.jpg 300w, https:\/\/www.bca-concept.fr\/wp-content\/uploads\/2019\/02\/IMG_48661-1-768x576.jpg 768w, https:\/\/www.bca-concept.fr\/wp-content\/uploads\/2019\/02\/IMG_48661-1-1024x768.jpg 1024w, https:\/\/www.bca-concept.fr\/wp-content\/uploads\/2019\/02\/IMG_48661-1-195x146.jpg 195w, https:\/\/www.bca-concept.fr\/wp-content\/uploads\/2019\/02\/IMG_48661-1-50x38.jpg 50w, https:\/\/www.bca-concept.fr\/wp-content\/uploads\/2019\/02\/IMG_48661-1-100x75.jpg 100w, https:\/\/www.bca-concept.fr\/wp-content\/uploads\/2019\/02\/IMG_48661-1.jpg 1500w\" sizes=\"auto, (max-width: 300px) 100vw, 300px\" \/><\/a>\n\t\t\t\t<\/dt><\/dl><br style=\"clear: both\" \/>\n\t\t\t<\/div>\n\n","protected":false},"excerpt":{"rendered":"<p>Le Salon de la maison de Tarbes propose tout ce qui touche \u00e0 l\u2019habitat, \u00e0 l\u2019immobilier, \u00e0 la d\u00e9co, sans oublier les \u00e9conomies d\u2019\u00e9nergie et l\u2019\u00e9cologie.<span class=\"excerpt-hellip\"> [\u2026]<\/span><\/p>\n","protected":false},"author":1,"featured_media":239,"comment_status":"open","ping_status":"open","sticky":false,"template":"","format":"standard","meta":{"footnotes":""},"categories":[7],"tags":[],"class_list":["post-238","post","type-post","status-publish","format-standard","has-post-thumbnail","hentry","category-salon"],"_links":{"self":[{"href":"https:\/\/www.bca-concept.fr\/index.php\/wp-json\/wp\/v2\/posts\/238","targetHints":{"allow":["GET"]}}],"collection":[{"href":"https:\/\/www.bca-concept.fr\/index.php\/wp-json\/wp\/v2\/posts"}],"about":[{"href":"https:\/\/www.bca-concept.fr\/index.php\/wp-json\/wp\/v2\/types\/post"}],"author":[{"embeddable":true,"href":"https:\/\/www.bca-concept.fr\/index.php\/wp-json\/wp\/v2\/users\/1"}],"replies":[{"embeddable":true,"href":"https:\/\/www.bca-concept.fr\/index.php\/wp-json\/wp\/v2\/comments?post=238"}],"version-history":[{"count":3,"href":"https:\/\/www.bca-concept.fr\/index.php\/wp-json\/wp\/v2\/posts\/238\/revisions"}],"predecessor-version":[{"id":250,"href":"https:\/\/www.bca-concept.fr\/index.php\/wp-json\/wp\/v2\/posts\/238\/revisions\/250"}],"wp:featuredmedia":[{"embeddable":true,"href":"https:\/\/www.bca-concept.fr\/index.php\/wp-json\/wp\/v2\/media\/239"}],"wp:attachment":[{"href":"https:\/\/www.bca-concept.fr\/index.php\/wp-json\/wp\/v2\/media?parent=238"}],"wp:term":[{"taxonomy":"category","embeddable":true,"href":"https:\/\/www.bca-concept.fr\/index.php\/wp-json\/wp\/v2\/categories?post=238"},{"taxonomy":"post_tag","embeddable":true,"href":"https:\/\/www.bca-concept.fr\/index.php\/wp-json\/wp\/v2\/tags?post=238"}],"curies":[{"name":"wp","href":"https:\/\/api.w.org\/{rel}","templated":true}]}}